{"id":1700,"date":"2024-02-29T14:15:14","date_gmt":"2024-02-29T14:15:14","guid":{"rendered":"https:\/\/transparencia.gramepark.cat\/?p=1700"},"modified":"2024-09-17T07:28:18","modified_gmt":"2024-09-17T07:28:18","slug":"obert-el-termini-de-sollicitud-dels-ajuts-per-a-lloguer","status":"publish","type":"post","link":"https:\/\/transparencia.gramepark.cat\/es\/obert-el-termini-de-sollicitud-dels-ajuts-per-a-lloguer\/","title":{"rendered":"Abierto el plazo para solicitar las ayudas al alquiler"},"content":{"rendered":"[et_pb_section admin_label=&#8221;section&#8221;]\n\t\t\t[et_pb_row admin_label=&#8221;row&#8221;]\n\t\t\t\t[et_pb_column type=&#8221;4_4&#8243;][et_pb_text admin_label=&#8221;Text&#8221;]\n<p>El termini de sol\u00b7licituds per demanar l\u2019ajut al lloguer per a l\u2019any 2024 est\u00e0 obert. En aquest cas, el per\u00edode de presentaci\u00f3 dep\u00e8n de la l\u00ednia d\u2019ajut publicada i de\u00a0l\u2019edat de la persona que el sol\u00b7liciti. Les persones de 65 anys o m\u00e9s, podran sol\u00b7licitar aquest ajut fins al 27 de mar\u00e7 i les de 35 anys o menys, ho podran fer de l\u201911 de mar\u00e7 al 12 d\u2019abril. <\/p>\n\n\n\n<p style=\"text-decoration:underline\">M\u00e9s informaci\u00f3 a: <\/p>\n\n\n\n<p>Oficina Local d\u2019Habitatge. Pl. de Jos\u00e9 Camara de la Hoz, s\/n , <\/p>\n\n\n\n<p>Tel. 933 924 745 <\/p>\n\n\n\n<p><a href=\"https:\/\/www.gramenet.cat\/ajuntament\/arees-municipals\/gramepark\/serveis\/olh\/ajuts-per-al-pagament-del-lloguer\/\" target=\"_blank\" rel=\"noreferrer noopener\">www.gramepark.cat<\/a><\/p>\n\n\n\n<p><a href=\"https:\/\/www.gramenet.cat\/ajuntament\/arees-municipals\/gramepark\/serveis\/olh\/ajuts-per-al-pagament-del-lloguer\/\">Accedeix a la documentaci\u00f3 i m\u00e9s informaci\u00f3<\/a><\/p>\n\n\n\n<p><\/p>\n[\/et_pb_text][\/et_pb_column]\n\t\t\t[\/et_pb_row]\n\t\t[\/et_pb_section]","protected":false},"excerpt":{"rendered":"<p>El termini de sol\u00b7licituds per demanar l\u2019ajut al lloguer per a l\u2019any 2024 est\u00e0 obert. En aquest cas, el per\u00edode de presentaci\u00f3 dep\u00e8n de la l\u00ednia d\u2019ajut publicada i de\u00a0l\u2019edat de la persona que el sol\u00b7liciti. Les persones de 65 anys o m\u00e9s, podran sol\u00b7licitar aquest ajut fins al 27 de mar\u00e7 i les de [&hellip;]<\/p>\n","protected":false},"author":1,"featured_media":1701,"comment_status":"closed","ping_status":"open","sticky":false,"template":"","format":"standard","meta":{"_et_pb_use_builder":"on","_et_pb_old_content":"<!-- wp:paragraph -->\n<p>El termini de sol\u00b7licituds per demanar l\u2019ajut al lloguer per a l\u2019any 2024 est\u00e0 obert. En aquest cas, el per\u00edode de presentaci\u00f3 dep\u00e8n de la l\u00ednia d\u2019ajut publicada i de\u00a0l\u2019edat de la persona que el sol\u00b7liciti. Les persones de 65 anys o m\u00e9s, podran sol\u00b7licitar aquest ajut fins al 27 de mar\u00e7 i les de 35 anys o menys, ho podran fer de l\u201911 de mar\u00e7 al 12 d\u2019abril. <\/p>\n<!-- \/wp:paragraph -->\n\n<!-- wp:paragraph {\"style\":{\"typography\":{\"textDecoration\":\"underline\"}}} -->\n<p style=\"text-decoration:underline\">M\u00e9s informaci\u00f3 a: <\/p>\n<!-- \/wp:paragraph -->\n\n<!-- wp:paragraph -->\n<p>Oficina Local d\u2019Habitatge. Pl. de Jos\u00e9 Camara de la Hoz, s\/n , <\/p>\n<!-- \/wp:paragraph -->\n\n<!-- wp:paragraph -->\n<p>Tel. 933 924 745 <\/p>\n<!-- \/wp:paragraph -->\n\n<!-- wp:paragraph -->\n<p><a href=\"https:\/\/www.gramenet.cat\/ajuntament\/arees-municipals\/gramepark\/serveis\/olh\/ajuts-per-al-pagament-del-lloguer\/\" target=\"_blank\" rel=\"noreferrer noopener\">www.gramepark.cat<\/a><\/p>\n<!-- \/wp:paragraph -->\n\n<!-- wp:paragraph -->\n<p><a href=\"https:\/\/www.gramenet.cat\/ajuntament\/arees-municipals\/gramepark\/serveis\/olh\/ajuts-per-al-pagament-del-lloguer\/\">Accedeix a la documentaci\u00f3 i m\u00e9s informaci\u00f3<\/a><\/p>\n<!-- \/wp:paragraph -->\n\n<!-- wp:paragraph -->\n<p><\/p>\n<!-- \/wp:paragraph -->","_et_gb_content_width":"","footnotes":""},"categories":[1],"tags":[],"class_list":["post-1700","post","type-post","status-publish","format-standard","has-post-thumbnail","hentry","category-habitatge"],"yoast_head":"<!-- This site is optimized with the Yoast SEO plugin v26.9 - https:\/\/yoast.com\/product\/yoast-seo-wordpress\/ -->\n<title>Obert el termini de sol\u00b7licitud dels ajuts per a lloguer - Gramepark<\/title>\n<meta name=\"description\" content=\"Obert el termini de sol\u00b7licitud dels ajuts per a lloguer - Gramepark\" \/>\n<meta name=\"robots\" content=\"index, follow, max-snippet:-1, max-image-preview:large, max-video-preview:-1\" \/>\n<link rel=\"canonical\" href=\"https:\/\/transparencia.gramepark.cat\/es\/obert-el-termini-de-sollicitud-dels-ajuts-per-a-lloguer\/\" \/>\n<meta property=\"og:locale\" content=\"es_ES\" \/>\n<meta property=\"og:type\" content=\"article\" \/>\n<meta property=\"og:title\" content=\"Obert el termini de sol\u00b7licitud dels ajuts per a lloguer - Gramepark\" \/>\n<meta property=\"og:description\" content=\"Obert el termini de sol\u00b7licitud dels ajuts per a lloguer - Gramepark\" \/>\n<meta property=\"og:url\" content=\"https:\/\/transparencia.gramepark.cat\/es\/obert-el-termini-de-sollicitud-dels-ajuts-per-a-lloguer\/\" \/>\n<meta property=\"og:site_name\" content=\"Gramepark\" \/>\n<meta property=\"article:published_time\" content=\"2024-02-29T14:15:14+00:00\" \/>\n<meta property=\"article:modified_time\" content=\"2024-09-17T07:28:18+00:00\" \/>\n<meta property=\"og:image\" content=\"https:\/\/transparencia.gramepark.cat\/wp-content\/uploads\/2024\/02\/hand-holding-keys-outdoors-scaled.jpg\" \/>\n\t<meta property=\"og:image:width\" content=\"2560\" \/>\n\t<meta property=\"og:image:height\" content=\"1707\" \/>\n\t<meta property=\"og:image:type\" content=\"image\/jpeg\" \/>\n<meta name=\"author\" content=\"omada\" \/>\n<meta name=\"twitter:card\" content=\"summary_large_image\" \/>\n<meta name=\"twitter:label1\" content=\"Written by\" \/>\n\t<meta name=\"twitter:data1\" content=\"omada\" \/>\n\t<meta name=\"twitter:label2\" content=\"Est. reading time\" \/>\n\t<meta name=\"twitter:data2\" content=\"1 minute\" \/>\n<script type=\"application\/ld+json\" class=\"yoast-schema-graph\">{\"@context\":\"https:\/\/schema.org\",\"@graph\":[{\"@type\":\"Article\",\"@id\":\"https:\/\/transparencia.gramepark.cat\/obert-el-termini-de-sollicitud-dels-ajuts-per-a-lloguer\/#article\",\"isPartOf\":{\"@id\":\"https:\/\/transparencia.gramepark.cat\/obert-el-termini-de-sollicitud-dels-ajuts-per-a-lloguer\/\"},\"author\":{\"name\":\"omada\",\"@id\":\"https:\/\/transparencia.gramepark.cat\/#\/schema\/person\/2984b2c0c8f24281cbd05657cef0f213\"},\"headline\":\"Obert el termini de sol\u00b7licitud dels ajuts per a lloguer\",\"datePublished\":\"2024-02-29T14:15:14+00:00\",\"dateModified\":\"2024-09-17T07:28:18+00:00\",\"mainEntityOfPage\":{\"@id\":\"https:\/\/transparencia.gramepark.cat\/obert-el-termini-de-sollicitud-dels-ajuts-per-a-lloguer\/\"},\"wordCount\":151,\"publisher\":{\"@id\":\"https:\/\/transparencia.gramepark.cat\/#organization\"},\"image\":{\"@id\":\"https:\/\/transparencia.gramepark.cat\/obert-el-termini-de-sollicitud-dels-ajuts-per-a-lloguer\/#primaryimage\"},\"thumbnailUrl\":\"https:\/\/transparencia.gramepark.cat\/wp-content\/uploads\/2024\/02\/hand-holding-keys-outdoors-scaled.jpg\",\"articleSection\":[\"Habitatge\"],\"inLanguage\":\"es-ES\"},{\"@type\":\"WebPage\",\"@id\":\"https:\/\/transparencia.gramepark.cat\/obert-el-termini-de-sollicitud-dels-ajuts-per-a-lloguer\/\",\"url\":\"https:\/\/transparencia.gramepark.cat\/obert-el-termini-de-sollicitud-dels-ajuts-per-a-lloguer\/\",\"name\":\"Obert el termini de sol\u00b7licitud dels ajuts per a lloguer - Gramepark\",\"isPartOf\":{\"@id\":\"https:\/\/transparencia.gramepark.cat\/#website\"},\"primaryImageOfPage\":{\"@id\":\"https:\/\/transparencia.gramepark.cat\/obert-el-termini-de-sollicitud-dels-ajuts-per-a-lloguer\/#primaryimage\"},\"image\":{\"@id\":\"https:\/\/transparencia.gramepark.cat\/obert-el-termini-de-sollicitud-dels-ajuts-per-a-lloguer\/#primaryimage\"},\"thumbnailUrl\":\"https:\/\/transparencia.gramepark.cat\/wp-content\/uploads\/2024\/02\/hand-holding-keys-outdoors-scaled.jpg\",\"datePublished\":\"2024-02-29T14:15:14+00:00\",\"dateModified\":\"2024-09-17T07:28:18+00:00\",\"description\":\"Obert el termini de sol\u00b7licitud dels ajuts per a lloguer - Gramepark\",\"breadcrumb\":{\"@id\":\"https:\/\/transparencia.gramepark.cat\/obert-el-termini-de-sollicitud-dels-ajuts-per-a-lloguer\/#breadcrumb\"},\"inLanguage\":\"es-ES\",\"potentialAction\":[{\"@type\":\"ReadAction\",\"target\":[\"https:\/\/transparencia.gramepark.cat\/obert-el-termini-de-sollicitud-dels-ajuts-per-a-lloguer\/\"]}]},{\"@type\":\"ImageObject\",\"inLanguage\":\"es-ES\",\"@id\":\"https:\/\/transparencia.gramepark.cat\/obert-el-termini-de-sollicitud-dels-ajuts-per-a-lloguer\/#primaryimage\",\"url\":\"https:\/\/transparencia.gramepark.cat\/wp-content\/uploads\/2024\/02\/hand-holding-keys-outdoors-scaled.jpg\",\"contentUrl\":\"https:\/\/transparencia.gramepark.cat\/wp-content\/uploads\/2024\/02\/hand-holding-keys-outdoors-scaled.jpg\",\"width\":2560,\"height\":1707,\"caption\":\"llaves fondo edificio\"},{\"@type\":\"BreadcrumbList\",\"@id\":\"https:\/\/transparencia.gramepark.cat\/obert-el-termini-de-sollicitud-dels-ajuts-per-a-lloguer\/#breadcrumb\",\"itemListElement\":[{\"@type\":\"ListItem\",\"position\":1,\"name\":\"Home\",\"item\":\"https:\/\/transparencia.gramepark.cat\/\"},{\"@type\":\"ListItem\",\"position\":2,\"name\":\"Obert el termini de sol\u00b7licitud dels ajuts per a lloguer\"}]},{\"@type\":\"WebSite\",\"@id\":\"https:\/\/transparencia.gramepark.cat\/#website\",\"url\":\"https:\/\/transparencia.gramepark.cat\/\",\"name\":\"Portal de Transpar\u00e8ncia | Gramepark\",\"description\":\"\",\"publisher\":{\"@id\":\"https:\/\/transparencia.gramepark.cat\/#organization\"},\"potentialAction\":[{\"@type\":\"SearchAction\",\"target\":{\"@type\":\"EntryPoint\",\"urlTemplate\":\"https:\/\/transparencia.gramepark.cat\/?s={search_term_string}\"},\"query-input\":{\"@type\":\"PropertyValueSpecification\",\"valueRequired\":true,\"valueName\":\"search_term_string\"}}],\"inLanguage\":\"es-ES\"},{\"@type\":\"Organization\",\"@id\":\"https:\/\/transparencia.gramepark.cat\/#organization\",\"name\":\"Portal de Transpar\u00e8ncia | Gramepark\",\"url\":\"https:\/\/transparencia.gramepark.cat\/\",\"logo\":{\"@type\":\"ImageObject\",\"inLanguage\":\"es-ES\",\"@id\":\"https:\/\/transparencia.gramepark.cat\/#\/schema\/logo\/image\/\",\"url\":\"https:\/\/transparencia.gramepark.cat\/wp-content\/uploads\/2023\/07\/Captura-de-pantalla-2022-11-22-a-las-16.40.png\",\"contentUrl\":\"https:\/\/transparencia.gramepark.cat\/wp-content\/uploads\/2023\/07\/Captura-de-pantalla-2022-11-22-a-las-16.40.png\",\"width\":199,\"height\":50,\"caption\":\"Portal de Transpar\u00e8ncia | Gramepark\"},\"image\":{\"@id\":\"https:\/\/transparencia.gramepark.cat\/#\/schema\/logo\/image\/\"}},{\"@type\":\"Person\",\"@id\":\"https:\/\/transparencia.gramepark.cat\/#\/schema\/person\/2984b2c0c8f24281cbd05657cef0f213\",\"name\":\"omada\",\"image\":{\"@type\":\"ImageObject\",\"inLanguage\":\"es-ES\",\"@id\":\"https:\/\/transparencia.gramepark.cat\/#\/schema\/person\/image\/\",\"url\":\"https:\/\/secure.gravatar.com\/avatar\/2b246680cf08c4e4da82a937a79a21108a4eaaeac8951781452a79adbd7d70bc?s=96&d=mm&r=g\",\"contentUrl\":\"https:\/\/secure.gravatar.com\/avatar\/2b246680cf08c4e4da82a937a79a21108a4eaaeac8951781452a79adbd7d70bc?s=96&d=mm&r=g\",\"caption\":\"omada\"},\"sameAs\":[\"https:\/\/transparencia.gramepark.cat\"]}]}<\/script>\n<!-- \/ Yoast SEO plugin. -->","yoast_head_json":{"title":"Obert el termini de sol\u00b7licitud dels ajuts per a lloguer - Gramepark","description":"Obert el termini de sol\u00b7licitud dels ajuts per a lloguer - Gramepark","robots":{"index":"index","follow":"follow","max-snippet":"max-snippet:-1","max-image-preview":"max-image-preview:large","max-video-preview":"max-video-preview:-1"},"canonical":"https:\/\/transparencia.gramepark.cat\/es\/obert-el-termini-de-sollicitud-dels-ajuts-per-a-lloguer\/","og_locale":"es_ES","og_type":"article","og_title":"Obert el termini de sol\u00b7licitud dels ajuts per a lloguer - Gramepark","og_description":"Obert el termini de sol\u00b7licitud dels ajuts per a lloguer - Gramepark","og_url":"https:\/\/transparencia.gramepark.cat\/es\/obert-el-termini-de-sollicitud-dels-ajuts-per-a-lloguer\/","og_site_name":"Gramepark","article_published_time":"2024-02-29T14:15:14+00:00","article_modified_time":"2024-09-17T07:28:18+00:00","og_image":[{"width":2560,"height":1707,"url":"https:\/\/transparencia.gramepark.cat\/wp-content\/uploads\/2024\/02\/hand-holding-keys-outdoors-scaled.jpg","type":"image\/jpeg"}],"author":"omada","twitter_card":"summary_large_image","twitter_misc":{"Written by":"omada","Est. reading time":"1 minute"},"schema":{"@context":"https:\/\/schema.org","@graph":[{"@type":"Article","@id":"https:\/\/transparencia.gramepark.cat\/obert-el-termini-de-sollicitud-dels-ajuts-per-a-lloguer\/#article","isPartOf":{"@id":"https:\/\/transparencia.gramepark.cat\/obert-el-termini-de-sollicitud-dels-ajuts-per-a-lloguer\/"},"author":{"name":"omada","@id":"https:\/\/transparencia.gramepark.cat\/#\/schema\/person\/2984b2c0c8f24281cbd05657cef0f213"},"headline":"Obert el termini de sol\u00b7licitud dels ajuts per a lloguer","datePublished":"2024-02-29T14:15:14+00:00","dateModified":"2024-09-17T07:28:18+00:00","mainEntityOfPage":{"@id":"https:\/\/transparencia.gramepark.cat\/obert-el-termini-de-sollicitud-dels-ajuts-per-a-lloguer\/"},"wordCount":151,"publisher":{"@id":"https:\/\/transparencia.gramepark.cat\/#organization"},"image":{"@id":"https:\/\/transparencia.gramepark.cat\/obert-el-termini-de-sollicitud-dels-ajuts-per-a-lloguer\/#primaryimage"},"thumbnailUrl":"https:\/\/transparencia.gramepark.cat\/wp-content\/uploads\/2024\/02\/hand-holding-keys-outdoors-scaled.jpg","articleSection":["Habitatge"],"inLanguage":"es-ES"},{"@type":"WebPage","@id":"https:\/\/transparencia.gramepark.cat\/obert-el-termini-de-sollicitud-dels-ajuts-per-a-lloguer\/","url":"https:\/\/transparencia.gramepark.cat\/obert-el-termini-de-sollicitud-dels-ajuts-per-a-lloguer\/","name":"Obert el termini de sol\u00b7licitud dels ajuts per a lloguer - Gramepark","isPartOf":{"@id":"https:\/\/transparencia.gramepark.cat\/#website"},"primaryImageOfPage":{"@id":"https:\/\/transparencia.gramepark.cat\/obert-el-termini-de-sollicitud-dels-ajuts-per-a-lloguer\/#primaryimage"},"image":{"@id":"https:\/\/transparencia.gramepark.cat\/obert-el-termini-de-sollicitud-dels-ajuts-per-a-lloguer\/#primaryimage"},"thumbnailUrl":"https:\/\/transparencia.gramepark.cat\/wp-content\/uploads\/2024\/02\/hand-holding-keys-outdoors-scaled.jpg","datePublished":"2024-02-29T14:15:14+00:00","dateModified":"2024-09-17T07:28:18+00:00","description":"Obert el termini de sol\u00b7licitud dels ajuts per a lloguer - Gramepark","breadcrumb":{"@id":"https:\/\/transparencia.gramepark.cat\/obert-el-termini-de-sollicitud-dels-ajuts-per-a-lloguer\/#breadcrumb"},"inLanguage":"es-ES","potentialAction":[{"@type":"ReadAction","target":["https:\/\/transparencia.gramepark.cat\/obert-el-termini-de-sollicitud-dels-ajuts-per-a-lloguer\/"]}]},{"@type":"ImageObject","inLanguage":"es-ES","@id":"https:\/\/transparencia.gramepark.cat\/obert-el-termini-de-sollicitud-dels-ajuts-per-a-lloguer\/#primaryimage","url":"https:\/\/transparencia.gramepark.cat\/wp-content\/uploads\/2024\/02\/hand-holding-keys-outdoors-scaled.jpg","contentUrl":"https:\/\/transparencia.gramepark.cat\/wp-content\/uploads\/2024\/02\/hand-holding-keys-outdoors-scaled.jpg","width":2560,"height":1707,"caption":"llaves fondo edificio"},{"@type":"BreadcrumbList","@id":"https:\/\/transparencia.gramepark.cat\/obert-el-termini-de-sollicitud-dels-ajuts-per-a-lloguer\/#breadcrumb","itemListElement":[{"@type":"ListItem","position":1,"name":"Home","item":"https:\/\/transparencia.gramepark.cat\/"},{"@type":"ListItem","position":2,"name":"Obert el termini de sol\u00b7licitud dels ajuts per a lloguer"}]},{"@type":"WebSite","@id":"https:\/\/transparencia.gramepark.cat\/#website","url":"https:\/\/transparencia.gramepark.cat\/","name":"Portal de Transpar\u00e8ncia | Gramepark","description":"","publisher":{"@id":"https:\/\/transparencia.gramepark.cat\/#organization"},"potentialAction":[{"@type":"SearchAction","target":{"@type":"EntryPoint","urlTemplate":"https:\/\/transparencia.gramepark.cat\/?s={search_term_string}"},"query-input":{"@type":"PropertyValueSpecification","valueRequired":true,"valueName":"search_term_string"}}],"inLanguage":"es-ES"},{"@type":"Organization","@id":"https:\/\/transparencia.gramepark.cat\/#organization","name":"Portal de Transpar\u00e8ncia | Gramepark","url":"https:\/\/transparencia.gramepark.cat\/","logo":{"@type":"ImageObject","inLanguage":"es-ES","@id":"https:\/\/transparencia.gramepark.cat\/#\/schema\/logo\/image\/","url":"https:\/\/transparencia.gramepark.cat\/wp-content\/uploads\/2023\/07\/Captura-de-pantalla-2022-11-22-a-las-16.40.png","contentUrl":"https:\/\/transparencia.gramepark.cat\/wp-content\/uploads\/2023\/07\/Captura-de-pantalla-2022-11-22-a-las-16.40.png","width":199,"height":50,"caption":"Portal de Transpar\u00e8ncia | Gramepark"},"image":{"@id":"https:\/\/transparencia.gramepark.cat\/#\/schema\/logo\/image\/"}},{"@type":"Person","@id":"https:\/\/transparencia.gramepark.cat\/#\/schema\/person\/2984b2c0c8f24281cbd05657cef0f213","name":"omada","image":{"@type":"ImageObject","inLanguage":"es-ES","@id":"https:\/\/transparencia.gramepark.cat\/#\/schema\/person\/image\/","url":"https:\/\/secure.gravatar.com\/avatar\/2b246680cf08c4e4da82a937a79a21108a4eaaeac8951781452a79adbd7d70bc?s=96&d=mm&r=g","contentUrl":"https:\/\/secure.gravatar.com\/avatar\/2b246680cf08c4e4da82a937a79a21108a4eaaeac8951781452a79adbd7d70bc?s=96&d=mm&r=g","caption":"omada"},"sameAs":["https:\/\/transparencia.gramepark.cat"]}]}},"_links":{"self":[{"href":"https:\/\/transparencia.gramepark.cat\/es\/wp-json\/wp\/v2\/posts\/1700","targetHints":{"allow":["GET"]}}],"collection":[{"href":"https:\/\/transparencia.gramepark.cat\/es\/wp-json\/wp\/v2\/posts"}],"about":[{"href":"https:\/\/transparencia.gramepark.cat\/es\/wp-json\/wp\/v2\/types\/post"}],"author":[{"embeddable":true,"href":"https:\/\/transparencia.gramepark.cat\/es\/wp-json\/wp\/v2\/users\/1"}],"replies":[{"embeddable":true,"href":"https:\/\/transparencia.gramepark.cat\/es\/wp-json\/wp\/v2\/comments?post=1700"}],"version-history":[{"count":4,"href":"https:\/\/transparencia.gramepark.cat\/es\/wp-json\/wp\/v2\/posts\/1700\/revisions"}],"predecessor-version":[{"id":1742,"href":"https:\/\/transparencia.gramepark.cat\/es\/wp-json\/wp\/v2\/posts\/1700\/revisions\/1742"}],"wp:featuredmedia":[{"embeddable":true,"href":"https:\/\/transparencia.gramepark.cat\/es\/wp-json\/wp\/v2\/media\/1701"}],"wp:attachment":[{"href":"https:\/\/transparencia.gramepark.cat\/es\/wp-json\/wp\/v2\/media?parent=1700"}],"wp:term":[{"taxonomy":"category","embeddable":true,"href":"https:\/\/transparencia.gramepark.cat\/es\/wp-json\/wp\/v2\/categories?post=1700"},{"taxonomy":"post_tag","embeddable":true,"href":"https:\/\/transparencia.gramepark.cat\/es\/wp-json\/wp\/v2\/tags?post=1700"}],"curies":[{"name":"wp","href":"https:\/\/api.w.org\/{rel}","templated":true}]}}