{"id":1648,"date":"2023-11-10T11:15:29","date_gmt":"2023-11-10T11:15:29","guid":{"rendered":"https:\/\/transparencia.gramepark.cat\/?p=1648"},"modified":"2023-11-13T13:43:09","modified_gmt":"2023-11-13T13:43:09","slug":"ajuts-al-lloguer-tramitats-a-loficina-local-dhabitatge-de-santa-coloma-de-gramenet","status":"publish","type":"post","link":"https:\/\/transparencia.gramepark.cat\/es\/ajuts-al-lloguer-tramitats-a-loficina-local-dhabitatge-de-santa-coloma-de-gramenet\/","title":{"rendered":"Ayudas al alquiler tramitadas en la Oficina Local de Vivienda de Santa Coloma de Gramenet (Gramepark SA)"},"content":{"rendered":"\n\n\n[et_pb_section fb_built=&#8221;1&#8243; admin_label=&#8221;section&#8221; _builder_version=&#8221;4.20.1&#8243; custom_padding=&#8221;0px||||false|false&#8221; global_colors_info=&#8221;{}&#8221; theme_builder_area=&#8221;post_content&#8221;][et_pb_row admin_label=&#8221;row&#8221; _builder_version=&#8221;4.20.1&#8243; background_size=&#8221;initial&#8221; background_position=&#8221;top_left&#8221; background_repeat=&#8221;repeat&#8221; custom_padding=&#8221;0px||||false|false&#8221; global_colors_info=&#8221;{}&#8221; theme_builder_area=&#8221;post_content&#8221;][et_pb_column type=&#8221;4_4&#8243; _builder_version=&#8221;4.16&#8243; custom_padding=&#8221;|||&#8221; global_colors_info=&#8221;{}&#8221; custom_padding__hover=&#8221;|||&#8221; theme_builder_area=&#8221;post_content&#8221;][et_pb_text admin_label=&#8221;Text&#8221; _builder_version=&#8221;4.16&#8243; background_size=&#8221;initial&#8221; background_position=&#8221;top_left&#8221; background_repeat=&#8221;repeat&#8221; global_colors_info=&#8221;{}&#8221; theme_builder_area=&#8221;post_content&#8221;]<!-- divi:paragraph -->\n<p><em><strong>1.388 fam\u00edlies de la ciutat rebran l\u2019ajut per pagar el lloguer del 2023<\/strong><\/em><\/p>\n<!-- \/divi:paragraph -->\n\n<!-- divi:paragraph -->\n<p>Aquest any, 1.388 fam\u00edlies de Santa Coloma de Gramenet rebran l\u2019ajut per pagar el lloguer del seu habitatge. Es tracta de la xifra m\u00e9s alta d\u2019unitats familiars benefici\u00e0ries d\u2019aquest ajut en els darrers anys, i suposa un increment del 32% respecte del 2022, quan van atorgar-se 945 ajuts.<\/p>\n<!-- \/divi:paragraph -->\n\n<!-- divi:paragraph -->\n<p>Al llarg del 2023 s\u2019han presentat un total de 1.689 sol\u00b7licituds a l\u2019Oficina Local d\u2019Habitatge, de les quals 154 s\u00f3n de gent gran, 267 de joves i 1.268 de la resta de perfils. D\u2019aquestes, se n\u2019ha aprovat m\u00e9s del 80%, de les quals 129 corresponen a gent gran, 246 a joves i 1.013 a la resta de franges d\u2019edat. El gruix de sol\u00b7licituds denegades ho han estat per no complir els requisits que marca la convocat\u00f2ria.<\/p>\n<!-- \/divi:paragraph -->\n\n<!-- divi:paragraph -->\n<p>Els 1.388 ajuts al lloguer que es concediran, representen una partida de gaireb\u00e9 3 milions d\u2019euros de suport a les persones amb dificultats de pagament del lloguer de la nostra ciutat.<\/p>\n<!-- \/divi:paragraph -->\n\n<!-- divi:paragraph -->\n<p><strong>Nota<\/strong><\/p>\n<!-- \/divi:paragraph -->\n\n<!-- divi:paragraph -->\n<p>La responsable d\u2019atorgar-los \u00e9s l\u2019Ag\u00e8ncia Catalana de l&#8217;Habitatge, que opera a trav\u00e9s de l\u2019Oficina Local d\u2019Habitatge de cada municipi.<\/p>\n<!-- \/divi:paragraph -->\n\n<!-- divi:paragraph -->\n<p>La subvenci\u00f3 per al pagament de lloguer o cessi\u00f3 d\u2019\u00fas \u00e9s un ajut destinat a les persones que estan al corrent del pagament del lloguer per\u00f2 tenen dificultats per assumir-lo.<\/p>\n<!-- \/divi:paragraph -->\n\n<!-- divi:paragraph -->\n<p>Podeu consultar m\u00e9s informaci\u00f3 a l\u2019apartat d\u2019ajuts del portal <a href=\"https:\/\/habitatge.gencat.cat\/ca\/ajuts\/\">habitatge.gencat.cat<\/a><\/p>\n<!-- \/divi:paragraph -->\n\n<!-- divi:paragraph -->\n<p><\/p>\n<!-- \/divi:paragraph -->[\/et_pb_text][\/et_pb_column][\/et_pb_row][et_pb_row _builder_version=&#8221;4.20.1&#8243; _module_preset=&#8221;default&#8221; module_alignment=&#8221;center&#8221; custom_padding=&#8221;0px||||false|false&#8221; global_colors_info=&#8221;{}&#8221; theme_builder_area=&#8221;post_content&#8221;][et_pb_column type=&#8221;4_4&#8243; _builder_version=&#8221;4.20.1&#8243; _module_preset=&#8221;default&#8221; global_colors_info=&#8221;{}&#8221; theme_builder_area=&#8221;post_content&#8221;][et_pb_text _builder_version=&#8221;4.20.1&#8243; _module_preset=&#8221;default&#8221; global_colors_info=&#8221;{}&#8221; theme_builder_area=&#8221;post_content&#8221;]<h2>Not\u00edcia relacionada<\/h2>[\/et_pb_text][et_pb_blurb title=&#8221;Ajuts per al pagament del lloguer 2023&#8243; image=&#8221;https:\/\/transparencia.gramepark.cat\/wp-content\/uploads\/2023\/04\/Captura-de-pantalla-2021-08-05-a-las-16.33.07-Copy-16.png&#8221; content_max_width=&#8221;296px&#8221; _builder_version=&#8221;4.20.1&#8243; _dynamic_attributes=&#8221;link_option_url&#8221; _module_preset=&#8221;default&#8221; header_text_color=&#8221;#0366b3&#8243; module_alignment=&#8221;left&#8221; custom_margin=&#8221;|0px||0px|false|false&#8221; link_option_url=&#8221;@ET-DC@eyJkeW5hbWljIjp0cnVlLCJjb250ZW50IjoicG9zdF9saW5rX3VybF9wb3N0Iiwic2V0dGluZ3MiOnsicG9zdF9pZCI6IjkzMiJ9fQ==@&#8221; custom_css_blurb_content=&#8221;margin:0;&#8221; global_colors_info=&#8221;{}&#8221; theme_builder_area=&#8221;post_content&#8221;]<p><span>S\u00f3n subvencions per facilitar l\u2019acc\u00e9s i la perman\u00e8ncia en un habitatge en r\u00e8gim de lloguer a sectors de poblaci\u00f3 en risc d\u2019exclusi\u00f3 social.<\/span><\/p>[\/et_pb_blurb][\/et_pb_column][\/et_pb_row][\/et_pb_section]\n\n\n","protected":false},"excerpt":{"rendered":"<p>1.388 fam\u00edlies de la ciutat rebran l\u2019ajut per pagar el lloguer del 2023 Aquest any, 1.388 fam\u00edlies de Santa Coloma de Gramenet rebran l\u2019ajut per pagar el lloguer del seu habitatge. Es tracta de la xifra m\u00e9s alta d\u2019unitats familiars benefici\u00e0ries d\u2019aquest ajut en els darrers anys, i suposa un increment del 32% respecte del [&hellip;]<\/p>\n","protected":false},"author":1,"featured_media":1666,"comment_status":"closed","ping_status":"open","sticky":false,"template":"","format":"standard","meta":{"_et_pb_use_builder":"on","_et_pb_old_content":"<!-- wp:paragraph -->\n<p><em><strong>1.388 fam\u00edlies de la ciutat rebran l\u2019ajut per pagar el lloguer del 2023<\/strong><\/em><\/p>\n<!-- \/wp:paragraph -->\n\n<!-- wp:paragraph -->\n<p>Aquest any, 1.388 fam\u00edlies de Santa Coloma de Gramenet rebran l\u2019ajut per pagar el lloguer del seu habitatge. Es tracta de la xifra m\u00e9s alta d\u2019unitats familiars benefici\u00e0ries d\u2019aquest ajut en els darrers anys, i suposa un increment del 32% respecte del 2022, quan van atorgar-se 945 ajuts.<\/p>\n<!-- \/wp:paragraph -->\n\n<!-- wp:paragraph -->\n<p>Al llarg del 2023 s\u2019han presentat un total de 1.689 sol\u00b7licituds a l\u2019Oficina Local d\u2019Habitatge, de les quals 154 s\u00f3n de gent gran, 267 de joves i 1.268 de la resta de perfils. D\u2019aquestes, se n\u2019ha aprovat m\u00e9s del 80%, de les quals 129 corresponen a gent gran, 246 a joves i 1.013 a la resta de franges d\u2019edat. El gruix de sol\u00b7licituds denegades ho han estat per no complir els requisits que marca la convocat\u00f2ria.<\/p>\n<!-- \/wp:paragraph -->\n\n<!-- wp:paragraph -->\n<p>Els 1.388 ajuts al lloguer que es concediran, representen una partida de gaireb\u00e9 3 milions d\u2019euros de suport a les persones amb dificultats de pagament del lloguer de la nostra ciutat.<\/p>\n<!-- \/wp:paragraph -->\n\n<!-- wp:paragraph -->\n<p><strong>Nota<\/strong><\/p>\n<!-- \/wp:paragraph -->\n\n<!-- wp:paragraph -->\n<p>La responsable d\u2019atorgar-los \u00e9s l\u2019Ag\u00e8ncia Catalana de l'Habitatge, que opera a trav\u00e9s de l\u2019Oficina Local d\u2019Habitatge de cada municipi.<\/p>\n<!-- \/wp:paragraph -->\n\n<!-- wp:paragraph -->\n<p>La subvenci\u00f3 per al pagament de lloguer o cessi\u00f3 d\u2019\u00fas \u00e9s un ajut destinat a les persones que estan al corrent del pagament del lloguer per\u00f2 tenen dificultats per assumir-lo.<\/p>\n<!-- \/wp:paragraph -->\n\n<!-- wp:paragraph -->\n<p>Podeu consultar m\u00e9s informaci\u00f3 a l\u2019apartat d\u2019ajuts del portal <a href=\"https:\/\/habitatge.gencat.cat\/ca\/ajuts\/\">habitatge.gencat.cat<\/a><\/p>\n<!-- \/wp:paragraph -->\n\n<!-- wp:paragraph -->\n<p><\/p>\n<!-- \/wp:paragraph -->","_et_gb_content_width":"","footnotes":""},"categories":[1],"tags":[],"class_list":["post-1648","post","type-post","status-publish","format-standard","has-post-thumbnail","hentry","category-habitatge"],"yoast_head":"<!-- This site is optimized with the Yoast SEO plugin v26.9 - https:\/\/yoast.com\/product\/yoast-seo-wordpress\/ -->\n<title>Ajuts al lloguer tramitats a l\u2019Oficina Local d\u2019Habitatge de Santa Coloma de Gramenet (Gramepark SA) - Gramepark<\/title>\n<meta name=\"description\" content=\"Ajuts al lloguer tramitats a l\u2019Oficina Local d\u2019Habitatge de Santa Coloma de Gramenet (Gramepark SA) - Gramepark\" \/>\n<meta name=\"robots\" content=\"index, follow, max-snippet:-1, max-image-preview:large, max-video-preview:-1\" \/>\n<link rel=\"canonical\" href=\"https:\/\/transparencia.gramepark.cat\/es\/ajuts-al-lloguer-tramitats-a-loficina-local-dhabitatge-de-santa-coloma-de-gramenet\/\" \/>\n<meta property=\"og:locale\" content=\"es_ES\" \/>\n<meta property=\"og:type\" content=\"article\" \/>\n<meta property=\"og:title\" content=\"Ajuts al lloguer tramitats a l\u2019Oficina Local d\u2019Habitatge de Santa Coloma de Gramenet (Gramepark SA) - Gramepark\" \/>\n<meta property=\"og:description\" content=\"Ajuts al lloguer tramitats a l\u2019Oficina Local d\u2019Habitatge de Santa Coloma de Gramenet (Gramepark SA) - Gramepark\" \/>\n<meta property=\"og:url\" content=\"https:\/\/transparencia.gramepark.cat\/es\/ajuts-al-lloguer-tramitats-a-loficina-local-dhabitatge-de-santa-coloma-de-gramenet\/\" \/>\n<meta property=\"og:site_name\" content=\"Gramepark\" \/>\n<meta property=\"article:published_time\" content=\"2023-11-10T11:15:29+00:00\" \/>\n<meta property=\"article:modified_time\" content=\"2023-11-13T13:43:09+00:00\" \/>\n<meta property=\"og:image\" content=\"https:\/\/transparencia.gramepark.cat\/wp-content\/uploads\/2023\/11\/pexels-photomix-company-101808-scaled.jpg\" \/>\n\t<meta property=\"og:image:width\" content=\"2560\" \/>\n\t<meta property=\"og:image:height\" content=\"1707\" \/>\n\t<meta property=\"og:image:type\" content=\"image\/jpeg\" \/>\n<meta name=\"author\" content=\"omada\" \/>\n<meta name=\"twitter:card\" content=\"summary_large_image\" \/>\n<meta name=\"twitter:label1\" content=\"Written by\" \/>\n\t<meta name=\"twitter:data1\" content=\"omada\" \/>\n\t<meta name=\"twitter:label2\" content=\"Est. reading time\" \/>\n\t<meta name=\"twitter:data2\" content=\"2 minutes\" \/>\n<script type=\"application\/ld+json\" class=\"yoast-schema-graph\">{\"@context\":\"https:\/\/schema.org\",\"@graph\":[{\"@type\":\"Article\",\"@id\":\"https:\/\/transparencia.gramepark.cat\/ajuts-al-lloguer-tramitats-a-loficina-local-dhabitatge-de-santa-coloma-de-gramenet\/#article\",\"isPartOf\":{\"@id\":\"https:\/\/transparencia.gramepark.cat\/ajuts-al-lloguer-tramitats-a-loficina-local-dhabitatge-de-santa-coloma-de-gramenet\/\"},\"author\":{\"name\":\"omada\",\"@id\":\"https:\/\/transparencia.gramepark.cat\/#\/schema\/person\/2984b2c0c8f24281cbd05657cef0f213\"},\"headline\":\"Ajuts al lloguer tramitats a l\u2019Oficina Local d\u2019Habitatge de Santa Coloma de Gramenet (Gramepark SA)\",\"datePublished\":\"2023-11-10T11:15:29+00:00\",\"dateModified\":\"2023-11-13T13:43:09+00:00\",\"mainEntityOfPage\":{\"@id\":\"https:\/\/transparencia.gramepark.cat\/ajuts-al-lloguer-tramitats-a-loficina-local-dhabitatge-de-santa-coloma-de-gramenet\/\"},\"wordCount\":559,\"publisher\":{\"@id\":\"https:\/\/transparencia.gramepark.cat\/#organization\"},\"image\":{\"@id\":\"https:\/\/transparencia.gramepark.cat\/ajuts-al-lloguer-tramitats-a-loficina-local-dhabitatge-de-santa-coloma-de-gramenet\/#primaryimage\"},\"thumbnailUrl\":\"https:\/\/transparencia.gramepark.cat\/wp-content\/uploads\/2023\/11\/pexels-photomix-company-101808-scaled.jpg\",\"articleSection\":[\"Habitatge\"],\"inLanguage\":\"es-ES\"},{\"@type\":\"WebPage\",\"@id\":\"https:\/\/transparencia.gramepark.cat\/ajuts-al-lloguer-tramitats-a-loficina-local-dhabitatge-de-santa-coloma-de-gramenet\/\",\"url\":\"https:\/\/transparencia.gramepark.cat\/ajuts-al-lloguer-tramitats-a-loficina-local-dhabitatge-de-santa-coloma-de-gramenet\/\",\"name\":\"Ajuts al lloguer tramitats a l\u2019Oficina Local d\u2019Habitatge de Santa Coloma de Gramenet (Gramepark SA) - Gramepark\",\"isPartOf\":{\"@id\":\"https:\/\/transparencia.gramepark.cat\/#website\"},\"primaryImageOfPage\":{\"@id\":\"https:\/\/transparencia.gramepark.cat\/ajuts-al-lloguer-tramitats-a-loficina-local-dhabitatge-de-santa-coloma-de-gramenet\/#primaryimage\"},\"image\":{\"@id\":\"https:\/\/transparencia.gramepark.cat\/ajuts-al-lloguer-tramitats-a-loficina-local-dhabitatge-de-santa-coloma-de-gramenet\/#primaryimage\"},\"thumbnailUrl\":\"https:\/\/transparencia.gramepark.cat\/wp-content\/uploads\/2023\/11\/pexels-photomix-company-101808-scaled.jpg\",\"datePublished\":\"2023-11-10T11:15:29+00:00\",\"dateModified\":\"2023-11-13T13:43:09+00:00\",\"description\":\"Ajuts al lloguer tramitats a l\u2019Oficina Local d\u2019Habitatge de Santa Coloma de Gramenet (Gramepark SA) - Gramepark\",\"breadcrumb\":{\"@id\":\"https:\/\/transparencia.gramepark.cat\/ajuts-al-lloguer-tramitats-a-loficina-local-dhabitatge-de-santa-coloma-de-gramenet\/#breadcrumb\"},\"inLanguage\":\"es-ES\",\"potentialAction\":[{\"@type\":\"ReadAction\",\"target\":[\"https:\/\/transparencia.gramepark.cat\/ajuts-al-lloguer-tramitats-a-loficina-local-dhabitatge-de-santa-coloma-de-gramenet\/\"]}]},{\"@type\":\"ImageObject\",\"inLanguage\":\"es-ES\",\"@id\":\"https:\/\/transparencia.gramepark.cat\/ajuts-al-lloguer-tramitats-a-loficina-local-dhabitatge-de-santa-coloma-de-gramenet\/#primaryimage\",\"url\":\"https:\/\/transparencia.gramepark.cat\/wp-content\/uploads\/2023\/11\/pexels-photomix-company-101808-scaled.jpg\",\"contentUrl\":\"https:\/\/transparencia.gramepark.cat\/wp-content\/uploads\/2023\/11\/pexels-photomix-company-101808-scaled.jpg\",\"width\":2560,\"height\":1707},{\"@type\":\"BreadcrumbList\",\"@id\":\"https:\/\/transparencia.gramepark.cat\/ajuts-al-lloguer-tramitats-a-loficina-local-dhabitatge-de-santa-coloma-de-gramenet\/#breadcrumb\",\"itemListElement\":[{\"@type\":\"ListItem\",\"position\":1,\"name\":\"Home\",\"item\":\"https:\/\/transparencia.gramepark.cat\/\"},{\"@type\":\"ListItem\",\"position\":2,\"name\":\"Ajuts al lloguer tramitats a l\u2019Oficina Local d\u2019Habitatge de Santa Coloma de Gramenet (Gramepark SA)\"}]},{\"@type\":\"WebSite\",\"@id\":\"https:\/\/transparencia.gramepark.cat\/#website\",\"url\":\"https:\/\/transparencia.gramepark.cat\/\",\"name\":\"Portal de Transpar\u00e8ncia | Gramepark\",\"description\":\"\",\"publisher\":{\"@id\":\"https:\/\/transparencia.gramepark.cat\/#organization\"},\"potentialAction\":[{\"@type\":\"SearchAction\",\"target\":{\"@type\":\"EntryPoint\",\"urlTemplate\":\"https:\/\/transparencia.gramepark.cat\/?s={search_term_string}\"},\"query-input\":{\"@type\":\"PropertyValueSpecification\",\"valueRequired\":true,\"valueName\":\"search_term_string\"}}],\"inLanguage\":\"es-ES\"},{\"@type\":\"Organization\",\"@id\":\"https:\/\/transparencia.gramepark.cat\/#organization\",\"name\":\"Portal de Transpar\u00e8ncia | Gramepark\",\"url\":\"https:\/\/transparencia.gramepark.cat\/\",\"logo\":{\"@type\":\"ImageObject\",\"inLanguage\":\"es-ES\",\"@id\":\"https:\/\/transparencia.gramepark.cat\/#\/schema\/logo\/image\/\",\"url\":\"https:\/\/transparencia.gramepark.cat\/wp-content\/uploads\/2023\/07\/Captura-de-pantalla-2022-11-22-a-las-16.40.png\",\"contentUrl\":\"https:\/\/transparencia.gramepark.cat\/wp-content\/uploads\/2023\/07\/Captura-de-pantalla-2022-11-22-a-las-16.40.png\",\"width\":199,\"height\":50,\"caption\":\"Portal de Transpar\u00e8ncia | Gramepark\"},\"image\":{\"@id\":\"https:\/\/transparencia.gramepark.cat\/#\/schema\/logo\/image\/\"}},{\"@type\":\"Person\",\"@id\":\"https:\/\/transparencia.gramepark.cat\/#\/schema\/person\/2984b2c0c8f24281cbd05657cef0f213\",\"name\":\"omada\",\"image\":{\"@type\":\"ImageObject\",\"inLanguage\":\"es-ES\",\"@id\":\"https:\/\/transparencia.gramepark.cat\/#\/schema\/person\/image\/\",\"url\":\"https:\/\/secure.gravatar.com\/avatar\/2b246680cf08c4e4da82a937a79a21108a4eaaeac8951781452a79adbd7d70bc?s=96&d=mm&r=g\",\"contentUrl\":\"https:\/\/secure.gravatar.com\/avatar\/2b246680cf08c4e4da82a937a79a21108a4eaaeac8951781452a79adbd7d70bc?s=96&d=mm&r=g\",\"caption\":\"omada\"},\"sameAs\":[\"https:\/\/transparencia.gramepark.cat\"]}]}<\/script>\n<!-- \/ Yoast SEO plugin. -->","yoast_head_json":{"title":"Ajuts al lloguer tramitats a l\u2019Oficina Local d\u2019Habitatge de Santa Coloma de Gramenet (Gramepark SA) - Gramepark","description":"Ajuts al lloguer tramitats a l\u2019Oficina Local d\u2019Habitatge de Santa Coloma de Gramenet (Gramepark SA) - Gramepark","robots":{"index":"index","follow":"follow","max-snippet":"max-snippet:-1","max-image-preview":"max-image-preview:large","max-video-preview":"max-video-preview:-1"},"canonical":"https:\/\/transparencia.gramepark.cat\/es\/ajuts-al-lloguer-tramitats-a-loficina-local-dhabitatge-de-santa-coloma-de-gramenet\/","og_locale":"es_ES","og_type":"article","og_title":"Ajuts al lloguer tramitats a l\u2019Oficina Local d\u2019Habitatge de Santa Coloma de Gramenet (Gramepark SA) - Gramepark","og_description":"Ajuts al lloguer tramitats a l\u2019Oficina Local d\u2019Habitatge de Santa Coloma de Gramenet (Gramepark SA) - Gramepark","og_url":"https:\/\/transparencia.gramepark.cat\/es\/ajuts-al-lloguer-tramitats-a-loficina-local-dhabitatge-de-santa-coloma-de-gramenet\/","og_site_name":"Gramepark","article_published_time":"2023-11-10T11:15:29+00:00","article_modified_time":"2023-11-13T13:43:09+00:00","og_image":[{"width":2560,"height":1707,"url":"https:\/\/transparencia.gramepark.cat\/wp-content\/uploads\/2023\/11\/pexels-photomix-company-101808-scaled.jpg","type":"image\/jpeg"}],"author":"omada","twitter_card":"summary_large_image","twitter_misc":{"Written by":"omada","Est. reading time":"2 minutes"},"schema":{"@context":"https:\/\/schema.org","@graph":[{"@type":"Article","@id":"https:\/\/transparencia.gramepark.cat\/ajuts-al-lloguer-tramitats-a-loficina-local-dhabitatge-de-santa-coloma-de-gramenet\/#article","isPartOf":{"@id":"https:\/\/transparencia.gramepark.cat\/ajuts-al-lloguer-tramitats-a-loficina-local-dhabitatge-de-santa-coloma-de-gramenet\/"},"author":{"name":"omada","@id":"https:\/\/transparencia.gramepark.cat\/#\/schema\/person\/2984b2c0c8f24281cbd05657cef0f213"},"headline":"Ajuts al lloguer tramitats a l\u2019Oficina Local d\u2019Habitatge de Santa Coloma de Gramenet (Gramepark SA)","datePublished":"2023-11-10T11:15:29+00:00","dateModified":"2023-11-13T13:43:09+00:00","mainEntityOfPage":{"@id":"https:\/\/transparencia.gramepark.cat\/ajuts-al-lloguer-tramitats-a-loficina-local-dhabitatge-de-santa-coloma-de-gramenet\/"},"wordCount":559,"publisher":{"@id":"https:\/\/transparencia.gramepark.cat\/#organization"},"image":{"@id":"https:\/\/transparencia.gramepark.cat\/ajuts-al-lloguer-tramitats-a-loficina-local-dhabitatge-de-santa-coloma-de-gramenet\/#primaryimage"},"thumbnailUrl":"https:\/\/transparencia.gramepark.cat\/wp-content\/uploads\/2023\/11\/pexels-photomix-company-101808-scaled.jpg","articleSection":["Habitatge"],"inLanguage":"es-ES"},{"@type":"WebPage","@id":"https:\/\/transparencia.gramepark.cat\/ajuts-al-lloguer-tramitats-a-loficina-local-dhabitatge-de-santa-coloma-de-gramenet\/","url":"https:\/\/transparencia.gramepark.cat\/ajuts-al-lloguer-tramitats-a-loficina-local-dhabitatge-de-santa-coloma-de-gramenet\/","name":"Ajuts al lloguer tramitats a l\u2019Oficina Local d\u2019Habitatge de Santa Coloma de Gramenet (Gramepark SA) - Gramepark","isPartOf":{"@id":"https:\/\/transparencia.gramepark.cat\/#website"},"primaryImageOfPage":{"@id":"https:\/\/transparencia.gramepark.cat\/ajuts-al-lloguer-tramitats-a-loficina-local-dhabitatge-de-santa-coloma-de-gramenet\/#primaryimage"},"image":{"@id":"https:\/\/transparencia.gramepark.cat\/ajuts-al-lloguer-tramitats-a-loficina-local-dhabitatge-de-santa-coloma-de-gramenet\/#primaryimage"},"thumbnailUrl":"https:\/\/transparencia.gramepark.cat\/wp-content\/uploads\/2023\/11\/pexels-photomix-company-101808-scaled.jpg","datePublished":"2023-11-10T11:15:29+00:00","dateModified":"2023-11-13T13:43:09+00:00","description":"Ajuts al lloguer tramitats a l\u2019Oficina Local d\u2019Habitatge de Santa Coloma de Gramenet (Gramepark SA) - Gramepark","breadcrumb":{"@id":"https:\/\/transparencia.gramepark.cat\/ajuts-al-lloguer-tramitats-a-loficina-local-dhabitatge-de-santa-coloma-de-gramenet\/#breadcrumb"},"inLanguage":"es-ES","potentialAction":[{"@type":"ReadAction","target":["https:\/\/transparencia.gramepark.cat\/ajuts-al-lloguer-tramitats-a-loficina-local-dhabitatge-de-santa-coloma-de-gramenet\/"]}]},{"@type":"ImageObject","inLanguage":"es-ES","@id":"https:\/\/transparencia.gramepark.cat\/ajuts-al-lloguer-tramitats-a-loficina-local-dhabitatge-de-santa-coloma-de-gramenet\/#primaryimage","url":"https:\/\/transparencia.gramepark.cat\/wp-content\/uploads\/2023\/11\/pexels-photomix-company-101808-scaled.jpg","contentUrl":"https:\/\/transparencia.gramepark.cat\/wp-content\/uploads\/2023\/11\/pexels-photomix-company-101808-scaled.jpg","width":2560,"height":1707},{"@type":"BreadcrumbList","@id":"https:\/\/transparencia.gramepark.cat\/ajuts-al-lloguer-tramitats-a-loficina-local-dhabitatge-de-santa-coloma-de-gramenet\/#breadcrumb","itemListElement":[{"@type":"ListItem","position":1,"name":"Home","item":"https:\/\/transparencia.gramepark.cat\/"},{"@type":"ListItem","position":2,"name":"Ajuts al lloguer tramitats a l\u2019Oficina Local d\u2019Habitatge de Santa Coloma de Gramenet (Gramepark SA)"}]},{"@type":"WebSite","@id":"https:\/\/transparencia.gramepark.cat\/#website","url":"https:\/\/transparencia.gramepark.cat\/","name":"Portal de Transpar\u00e8ncia | Gramepark","description":"","publisher":{"@id":"https:\/\/transparencia.gramepark.cat\/#organization"},"potentialAction":[{"@type":"SearchAction","target":{"@type":"EntryPoint","urlTemplate":"https:\/\/transparencia.gramepark.cat\/?s={search_term_string}"},"query-input":{"@type":"PropertyValueSpecification","valueRequired":true,"valueName":"search_term_string"}}],"inLanguage":"es-ES"},{"@type":"Organization","@id":"https:\/\/transparencia.gramepark.cat\/#organization","name":"Portal de Transpar\u00e8ncia | Gramepark","url":"https:\/\/transparencia.gramepark.cat\/","logo":{"@type":"ImageObject","inLanguage":"es-ES","@id":"https:\/\/transparencia.gramepark.cat\/#\/schema\/logo\/image\/","url":"https:\/\/transparencia.gramepark.cat\/wp-content\/uploads\/2023\/07\/Captura-de-pantalla-2022-11-22-a-las-16.40.png","contentUrl":"https:\/\/transparencia.gramepark.cat\/wp-content\/uploads\/2023\/07\/Captura-de-pantalla-2022-11-22-a-las-16.40.png","width":199,"height":50,"caption":"Portal de Transpar\u00e8ncia | Gramepark"},"image":{"@id":"https:\/\/transparencia.gramepark.cat\/#\/schema\/logo\/image\/"}},{"@type":"Person","@id":"https:\/\/transparencia.gramepark.cat\/#\/schema\/person\/2984b2c0c8f24281cbd05657cef0f213","name":"omada","image":{"@type":"ImageObject","inLanguage":"es-ES","@id":"https:\/\/transparencia.gramepark.cat\/#\/schema\/person\/image\/","url":"https:\/\/secure.gravatar.com\/avatar\/2b246680cf08c4e4da82a937a79a21108a4eaaeac8951781452a79adbd7d70bc?s=96&d=mm&r=g","contentUrl":"https:\/\/secure.gravatar.com\/avatar\/2b246680cf08c4e4da82a937a79a21108a4eaaeac8951781452a79adbd7d70bc?s=96&d=mm&r=g","caption":"omada"},"sameAs":["https:\/\/transparencia.gramepark.cat"]}]}},"_links":{"self":[{"href":"https:\/\/transparencia.gramepark.cat\/es\/wp-json\/wp\/v2\/posts\/1648","targetHints":{"allow":["GET"]}}],"collection":[{"href":"https:\/\/transparencia.gramepark.cat\/es\/wp-json\/wp\/v2\/posts"}],"about":[{"href":"https:\/\/transparencia.gramepark.cat\/es\/wp-json\/wp\/v2\/types\/post"}],"author":[{"embeddable":true,"href":"https:\/\/transparencia.gramepark.cat\/es\/wp-json\/wp\/v2\/users\/1"}],"replies":[{"embeddable":true,"href":"https:\/\/transparencia.gramepark.cat\/es\/wp-json\/wp\/v2\/comments?post=1648"}],"version-history":[{"count":8,"href":"https:\/\/transparencia.gramepark.cat\/es\/wp-json\/wp\/v2\/posts\/1648\/revisions"}],"predecessor-version":[{"id":1664,"href":"https:\/\/transparencia.gramepark.cat\/es\/wp-json\/wp\/v2\/posts\/1648\/revisions\/1664"}],"wp:featuredmedia":[{"embeddable":true,"href":"https:\/\/transparencia.gramepark.cat\/es\/wp-json\/wp\/v2\/media\/1666"}],"wp:attachment":[{"href":"https:\/\/transparencia.gramepark.cat\/es\/wp-json\/wp\/v2\/media?parent=1648"}],"wp:term":[{"taxonomy":"category","embeddable":true,"href":"https:\/\/transparencia.gramepark.cat\/es\/wp-json\/wp\/v2\/categories?post=1648"},{"taxonomy":"post_tag","embeddable":true,"href":"https:\/\/transparencia.gramepark.cat\/es\/wp-json\/wp\/v2\/tags?post=1648"}],"curies":[{"name":"wp","href":"https:\/\/api.w.org\/{rel}","templated":true}]}}