{"id":1373,"date":"2023-06-27T10:18:41","date_gmt":"2023-06-27T10:18:41","guid":{"rendered":"https:\/\/transparencia.gramepark.cat\/?p=1373"},"modified":"2023-06-30T10:51:09","modified_gmt":"2023-06-30T10:51:09","slug":"nou-sistema-control-daccessos-quatre-aparcaments-ciutat","status":"publish","type":"post","link":"https:\/\/transparencia.gramepark.cat\/es\/nou-sistema-control-daccessos-quatre-aparcaments-ciutat\/","title":{"rendered":"Nuevo sistema de control de accesos en cuatro aparcamientos de la ciudad"},"content":{"rendered":"<p>Gramepark ha puesto en marcha la modernizaci\u00f3n de varios aparcamientos de acceso p\u00fablico de Santa Coloma de Gramenet. Concretamente, el nuevo sistema se implementar\u00e1 en los aparcamientos de Plaza de la Vila, Rambla San Sebasti\u00e1n, Mercado de Fondo y Metro del Fondo.&nbsp;&nbsp;<\/p>\n\n\n\n<p>La medida nace a ra\u00edz de la antig\u00fcedad de los aparcamientos y la consiguiente obsolescencia con que ha topado el sistema que regula el acceso a ellos. Durante los a\u00f1os que llevan en funcionamiento, la tecnolog\u00eda ha evolucionado de forma que ofrece opciones m\u00e1s eficientes y rentables. Estas son, por ejemplo, la emisi\u00f3n de tickets con c\u00f3digo de barras o c\u00f3digo QR y la lectura y reconocimiento de matr\u00edculas.&nbsp;<\/p>\n\n\n\n<p>Adem\u00e1s, la implementaci\u00f3n de las mejoras tecnol\u00f3gicas permitir\u00e1 la integraci\u00f3n de las instalaciones en un \u00fanico centro de control, y un avance en la disponibilidad de datos actualizados sobre la movilidad en la ciudad. De este modo, se podr\u00e1n llevar a cabo medidas destinadas a mejorar la circulaci\u00f3n urbana mediante instrumentos de control del aparcamiento y del tr\u00e1fico de veh\u00edculos.<\/p>\n\n\n\n<p>El procedimiento se inicia con la apertura del proceso de licitaci\u00f3n por un contrato de suministro, instalaci\u00f3n y mantenimiento a cinco a\u00f1os vista de los aparcamientos previamente mencionados. Es de tipolog\u00eda mixta y se otorgar\u00e1 a trav\u00e9s de un procedimiento abierto armonizado. El valor estimado del presupuesto de licitaci\u00f3n es de 541.295,42 \u20ac (IVA excluido).&nbsp;<\/p>\n\n\n\n<p><a href=\"https:\/\/www.gramenet.cat\/es\/ayuntamiento\/areas-municipales\/gramepark\/serveis\/mobilitat\/aparcaments\/\" data-type=\"URL\" data-id=\"https:\/\/www.gramenet.cat\/es\/ayuntamiento\/areas-municipales\/gramepark\/serveis\/mobilitat\/aparcaments\/\" target=\"_blank\" rel=\"noreferrer noopener\">Consulta los aparcamientos del Ayuntamiento de Santa Coloma de Gramenet<\/a><\/p>\n\n\n\n<p><a href=\"https:\/\/contractaciopublica.cat\/es\/perfils-contractant\/detall\/32325079?categoria=0\" target=\"_blank\" rel=\"noreferrer noopener\">Consulta el procediment de contractaci\u00f3<\/a><\/p>","protected":false},"excerpt":{"rendered":"<p>Gramepark ha engegat un procediment de modernitzaci\u00f3 a diversos aparcaments d&#8217;acc\u00e9s p\u00fablic de Santa Coloma de Gramenet. Concretament, el nou sistema s\u2019implementar\u00e0 als aparcaments de Pla\u00e7a de la Vila, Rambla Sant Sebasti\u00e0, Mercat de Fondo i Metro del Fondo.&nbsp;&nbsp; La mesura neix arran de l\u2019antiguitat dels aparcaments i la conseg\u00fcent obsolesc\u00e8ncia amb qu\u00e8 ha topat [&hellip;]<\/p>\n","protected":false},"author":1,"featured_media":1374,"comment_status":"open","ping_status":"open","sticky":false,"template":"","format":"standard","meta":{"_et_pb_use_builder":"off","_et_pb_old_content":"<!-- wp:paragraph -->\n<p>Gramepark ha engegat un procediment de modernitzaci\u00f3 a diversos aparcaments d'acc\u00e9s p\u00fablic de Santa Coloma de Gramenet. Concretament, el nou sistema s\u2019implementar\u00e0 als aparcaments de Pla\u00e7a de la Vila, Rambla Sant Sebasti\u00e0, Mercat de Fondo i Metro del Fondo.&nbsp;&nbsp;<\/p>\n<!-- \/wp:paragraph -->\n\n<!-- wp:paragraph -->\n<p>La mesura neix arran de l\u2019antiguitat dels aparcaments i la conseg\u00fcent obsolesc\u00e8ncia amb qu\u00e8 ha topat el sistema que en regula l\u2019acc\u00e9s. Durant els anys que porten en funcionament, la tecnologia ha evolucionat de manera que ofereix opcions m\u00e9s eficients i rendibles. Aquestes s\u00f3n, per exemple, l\u2019emissi\u00f3 de tiquets amb codi de barres o codi QR i la lectura i reconeixement de matr\u00edcules.&nbsp;<\/p>\n<!-- \/wp:paragraph -->\n\n<!-- wp:paragraph -->\n<p>A m\u00e9s, la implementaci\u00f3 de les millores tecnol\u00f2giques permetr\u00e0 la integraci\u00f3 de les instal\u00b7lacions en un \u00fanic centre de control, i un aven\u00e7 en la disponibilitat de dades actualitzades sobre la mobilitat a la ciutat. D\u2019aquesta manera, es podran dur a terme mesures destinades a millorar la circulaci\u00f3 urbana mitjan\u00e7ant instruments de control de l'aparcament i del tr\u00e0nsit de vehicles.<\/p>\n<!-- \/wp:paragraph -->\n\n<!-- wp:paragraph -->\n<p>El procediment s\u2019inicia amb l\u2019obertura del proc\u00e9s de licitaci\u00f3 per un contracte de subministrament, instal\u00b7laci\u00f3 i manteniment a cinc anys vista dels aparcaments pr\u00e8viament mencionats. \u00c9s de tipologia mixta i s\u2019atorgar\u00e0 a trav\u00e9s d\u2019un procediment obert harmonitzat. El valor estimat del pressupost de licitaci\u00f3 \u00e9s de 541.295,42 \u20ac (IVA excl\u00f2s).\u00a0<\/p>\n<!-- \/wp:paragraph -->\n\n<!-- wp:paragraph -->\n<p><a href=\"https:\/\/www.gramenet.cat\/es\/ayuntamiento\/areas-municipales\/gramepark\/serveis\/mobilitat\/aparcaments\/\" data-type=\"URL\" data-id=\"https:\/\/www.gramenet.cat\/es\/ayuntamiento\/areas-municipales\/gramepark\/serveis\/mobilitat\/aparcaments\/\" target=\"_blank\" rel=\"noreferrer noopener\">Consulta els aparcaments de l\u2019Ajuntament de Santa Coloma de Gramenet<\/a><\/p>\n<!-- \/wp:paragraph -->\n\n<!-- wp:paragraph -->\n<p><a href=\"https:\/\/contractaciopublica.cat\/ca\/detall-publicacio\/200061633\" data-type=\"URL\" data-id=\"https:\/\/contractaciopublica.cat\/ca\/detall-publicacio\/200061633\" target=\"_blank\" rel=\"noreferrer noopener\">Consulta el procediment de contractaci\u00f3<\/a><\/p>\n<!-- \/wp:paragraph -->","_et_gb_content_width":"","footnotes":""},"categories":[12],"tags":[],"class_list":["post-1373","post","type-post","status-publish","format-standard","has-post-thumbnail","hentry","category-mobilitat"],"yoast_head":"<!-- This site is optimized with the Yoast SEO plugin v26.9 - https:\/\/yoast.com\/product\/yoast-seo-wordpress\/ -->\n<title>Nou sistema de control d\u2019accessos en quatre aparcaments de la ciutat - Gramepark<\/title>\n<meta name=\"description\" content=\"Nou sistema de control d\u2019accessos en quatre aparcaments de la ciutat - Gramepark\" \/>\n<meta name=\"robots\" content=\"index, follow, max-snippet:-1, max-image-preview:large, max-video-preview:-1\" \/>\n<link rel=\"canonical\" href=\"https:\/\/transparencia.gramepark.cat\/es\/nou-sistema-control-daccessos-quatre-aparcaments-ciutat\/\" \/>\n<meta property=\"og:locale\" content=\"es_ES\" \/>\n<meta property=\"og:type\" content=\"article\" \/>\n<meta property=\"og:title\" content=\"Nou sistema de control d\u2019accessos en quatre aparcaments de la ciutat - Gramepark\" \/>\n<meta property=\"og:description\" content=\"Nou sistema de control d\u2019accessos en quatre aparcaments de la ciutat - Gramepark\" \/>\n<meta property=\"og:url\" content=\"https:\/\/transparencia.gramepark.cat\/es\/nou-sistema-control-daccessos-quatre-aparcaments-ciutat\/\" \/>\n<meta property=\"og:site_name\" content=\"Gramepark\" \/>\n<meta property=\"article:published_time\" content=\"2023-06-27T10:18:41+00:00\" \/>\n<meta property=\"article:modified_time\" content=\"2023-06-30T10:51:09+00:00\" \/>\n<meta property=\"og:image\" content=\"https:\/\/transparencia.gramepark.cat\/wp-content\/uploads\/2023\/06\/csm_Aparcament_Mercat_7bda44f54d.jpeg\" \/>\n\t<meta property=\"og:image:width\" content=\"1166\" \/>\n\t<meta property=\"og:image:height\" content=\"656\" \/>\n\t<meta property=\"og:image:type\" content=\"image\/jpeg\" \/>\n<meta name=\"author\" content=\"omada\" \/>\n<meta name=\"twitter:card\" content=\"summary_large_image\" \/>\n<meta name=\"twitter:label1\" content=\"Written by\" \/>\n\t<meta name=\"twitter:data1\" content=\"omada\" \/>\n\t<meta name=\"twitter:label2\" content=\"Est. reading time\" \/>\n\t<meta name=\"twitter:data2\" content=\"2 minutes\" \/>\n<script type=\"application\/ld+json\" class=\"yoast-schema-graph\">{\"@context\":\"https:\/\/schema.org\",\"@graph\":[{\"@type\":\"Article\",\"@id\":\"https:\/\/transparencia.gramepark.cat\/nou-sistema-control-daccessos-quatre-aparcaments-ciutat\/#article\",\"isPartOf\":{\"@id\":\"https:\/\/transparencia.gramepark.cat\/nou-sistema-control-daccessos-quatre-aparcaments-ciutat\/\"},\"author\":{\"name\":\"omada\",\"@id\":\"https:\/\/transparencia.gramepark.cat\/#\/schema\/person\/2984b2c0c8f24281cbd05657cef0f213\"},\"headline\":\"Nou sistema de control d\u2019accessos en quatre aparcaments de la ciutat\",\"datePublished\":\"2023-06-27T10:18:41+00:00\",\"dateModified\":\"2023-06-30T10:51:09+00:00\",\"mainEntityOfPage\":{\"@id\":\"https:\/\/transparencia.gramepark.cat\/nou-sistema-control-daccessos-quatre-aparcaments-ciutat\/\"},\"wordCount\":272,\"commentCount\":0,\"publisher\":{\"@id\":\"https:\/\/transparencia.gramepark.cat\/#organization\"},\"image\":{\"@id\":\"https:\/\/transparencia.gramepark.cat\/nou-sistema-control-daccessos-quatre-aparcaments-ciutat\/#primaryimage\"},\"thumbnailUrl\":\"https:\/\/transparencia.gramepark.cat\/wp-content\/uploads\/2023\/06\/csm_Aparcament_Mercat_7bda44f54d.jpeg\",\"articleSection\":[\"Mobilitat\"],\"inLanguage\":\"es-ES\",\"potentialAction\":[{\"@type\":\"CommentAction\",\"name\":\"Comment\",\"target\":[\"https:\/\/transparencia.gramepark.cat\/nou-sistema-control-daccessos-quatre-aparcaments-ciutat\/#respond\"]}]},{\"@type\":\"WebPage\",\"@id\":\"https:\/\/transparencia.gramepark.cat\/nou-sistema-control-daccessos-quatre-aparcaments-ciutat\/\",\"url\":\"https:\/\/transparencia.gramepark.cat\/nou-sistema-control-daccessos-quatre-aparcaments-ciutat\/\",\"name\":\"Nou sistema de control d\u2019accessos en quatre aparcaments de la ciutat - Gramepark\",\"isPartOf\":{\"@id\":\"https:\/\/transparencia.gramepark.cat\/#website\"},\"primaryImageOfPage\":{\"@id\":\"https:\/\/transparencia.gramepark.cat\/nou-sistema-control-daccessos-quatre-aparcaments-ciutat\/#primaryimage\"},\"image\":{\"@id\":\"https:\/\/transparencia.gramepark.cat\/nou-sistema-control-daccessos-quatre-aparcaments-ciutat\/#primaryimage\"},\"thumbnailUrl\":\"https:\/\/transparencia.gramepark.cat\/wp-content\/uploads\/2023\/06\/csm_Aparcament_Mercat_7bda44f54d.jpeg\",\"datePublished\":\"2023-06-27T10:18:41+00:00\",\"dateModified\":\"2023-06-30T10:51:09+00:00\",\"description\":\"Nou sistema de control d\u2019accessos en quatre aparcaments de la ciutat - Gramepark\",\"breadcrumb\":{\"@id\":\"https:\/\/transparencia.gramepark.cat\/nou-sistema-control-daccessos-quatre-aparcaments-ciutat\/#breadcrumb\"},\"inLanguage\":\"es-ES\",\"potentialAction\":[{\"@type\":\"ReadAction\",\"target\":[\"https:\/\/transparencia.gramepark.cat\/nou-sistema-control-daccessos-quatre-aparcaments-ciutat\/\"]}]},{\"@type\":\"ImageObject\",\"inLanguage\":\"es-ES\",\"@id\":\"https:\/\/transparencia.gramepark.cat\/nou-sistema-control-daccessos-quatre-aparcaments-ciutat\/#primaryimage\",\"url\":\"https:\/\/transparencia.gramepark.cat\/wp-content\/uploads\/2023\/06\/csm_Aparcament_Mercat_7bda44f54d.jpeg\",\"contentUrl\":\"https:\/\/transparencia.gramepark.cat\/wp-content\/uploads\/2023\/06\/csm_Aparcament_Mercat_7bda44f54d.jpeg\",\"width\":1166,\"height\":656},{\"@type\":\"BreadcrumbList\",\"@id\":\"https:\/\/transparencia.gramepark.cat\/nou-sistema-control-daccessos-quatre-aparcaments-ciutat\/#breadcrumb\",\"itemListElement\":[{\"@type\":\"ListItem\",\"position\":1,\"name\":\"Home\",\"item\":\"https:\/\/transparencia.gramepark.cat\/\"},{\"@type\":\"ListItem\",\"position\":2,\"name\":\"Nou sistema de control d\u2019accessos en quatre aparcaments de la ciutat\"}]},{\"@type\":\"WebSite\",\"@id\":\"https:\/\/transparencia.gramepark.cat\/#website\",\"url\":\"https:\/\/transparencia.gramepark.cat\/\",\"name\":\"Portal de Transpar\u00e8ncia | Gramepark\",\"description\":\"\",\"publisher\":{\"@id\":\"https:\/\/transparencia.gramepark.cat\/#organization\"},\"potentialAction\":[{\"@type\":\"SearchAction\",\"target\":{\"@type\":\"EntryPoint\",\"urlTemplate\":\"https:\/\/transparencia.gramepark.cat\/?s={search_term_string}\"},\"query-input\":{\"@type\":\"PropertyValueSpecification\",\"valueRequired\":true,\"valueName\":\"search_term_string\"}}],\"inLanguage\":\"es-ES\"},{\"@type\":\"Organization\",\"@id\":\"https:\/\/transparencia.gramepark.cat\/#organization\",\"name\":\"Portal de Transpar\u00e8ncia | Gramepark\",\"url\":\"https:\/\/transparencia.gramepark.cat\/\",\"logo\":{\"@type\":\"ImageObject\",\"inLanguage\":\"es-ES\",\"@id\":\"https:\/\/transparencia.gramepark.cat\/#\/schema\/logo\/image\/\",\"url\":\"https:\/\/transparencia.gramepark.cat\/wp-content\/uploads\/2023\/07\/Captura-de-pantalla-2022-11-22-a-las-16.40.png\",\"contentUrl\":\"https:\/\/transparencia.gramepark.cat\/wp-content\/uploads\/2023\/07\/Captura-de-pantalla-2022-11-22-a-las-16.40.png\",\"width\":199,\"height\":50,\"caption\":\"Portal de Transpar\u00e8ncia | Gramepark\"},\"image\":{\"@id\":\"https:\/\/transparencia.gramepark.cat\/#\/schema\/logo\/image\/\"}},{\"@type\":\"Person\",\"@id\":\"https:\/\/transparencia.gramepark.cat\/#\/schema\/person\/2984b2c0c8f24281cbd05657cef0f213\",\"name\":\"omada\",\"image\":{\"@type\":\"ImageObject\",\"inLanguage\":\"es-ES\",\"@id\":\"https:\/\/transparencia.gramepark.cat\/#\/schema\/person\/image\/\",\"url\":\"https:\/\/secure.gravatar.com\/avatar\/2b246680cf08c4e4da82a937a79a21108a4eaaeac8951781452a79adbd7d70bc?s=96&d=mm&r=g\",\"contentUrl\":\"https:\/\/secure.gravatar.com\/avatar\/2b246680cf08c4e4da82a937a79a21108a4eaaeac8951781452a79adbd7d70bc?s=96&d=mm&r=g\",\"caption\":\"omada\"},\"sameAs\":[\"https:\/\/transparencia.gramepark.cat\"]}]}<\/script>\n<!-- \/ Yoast SEO plugin. -->","yoast_head_json":{"title":"Nou sistema de control d\u2019accessos en quatre aparcaments de la ciutat - Gramepark","description":"Nou sistema de control d\u2019accessos en quatre aparcaments de la ciutat - Gramepark","robots":{"index":"index","follow":"follow","max-snippet":"max-snippet:-1","max-image-preview":"max-image-preview:large","max-video-preview":"max-video-preview:-1"},"canonical":"https:\/\/transparencia.gramepark.cat\/es\/nou-sistema-control-daccessos-quatre-aparcaments-ciutat\/","og_locale":"es_ES","og_type":"article","og_title":"Nou sistema de control d\u2019accessos en quatre aparcaments de la ciutat - Gramepark","og_description":"Nou sistema de control d\u2019accessos en quatre aparcaments de la ciutat - Gramepark","og_url":"https:\/\/transparencia.gramepark.cat\/es\/nou-sistema-control-daccessos-quatre-aparcaments-ciutat\/","og_site_name":"Gramepark","article_published_time":"2023-06-27T10:18:41+00:00","article_modified_time":"2023-06-30T10:51:09+00:00","og_image":[{"width":1166,"height":656,"url":"https:\/\/transparencia.gramepark.cat\/wp-content\/uploads\/2023\/06\/csm_Aparcament_Mercat_7bda44f54d.jpeg","type":"image\/jpeg"}],"author":"omada","twitter_card":"summary_large_image","twitter_misc":{"Written by":"omada","Est. reading time":"2 minutes"},"schema":{"@context":"https:\/\/schema.org","@graph":[{"@type":"Article","@id":"https:\/\/transparencia.gramepark.cat\/nou-sistema-control-daccessos-quatre-aparcaments-ciutat\/#article","isPartOf":{"@id":"https:\/\/transparencia.gramepark.cat\/nou-sistema-control-daccessos-quatre-aparcaments-ciutat\/"},"author":{"name":"omada","@id":"https:\/\/transparencia.gramepark.cat\/#\/schema\/person\/2984b2c0c8f24281cbd05657cef0f213"},"headline":"Nou sistema de control d\u2019accessos en quatre aparcaments de la ciutat","datePublished":"2023-06-27T10:18:41+00:00","dateModified":"2023-06-30T10:51:09+00:00","mainEntityOfPage":{"@id":"https:\/\/transparencia.gramepark.cat\/nou-sistema-control-daccessos-quatre-aparcaments-ciutat\/"},"wordCount":272,"commentCount":0,"publisher":{"@id":"https:\/\/transparencia.gramepark.cat\/#organization"},"image":{"@id":"https:\/\/transparencia.gramepark.cat\/nou-sistema-control-daccessos-quatre-aparcaments-ciutat\/#primaryimage"},"thumbnailUrl":"https:\/\/transparencia.gramepark.cat\/wp-content\/uploads\/2023\/06\/csm_Aparcament_Mercat_7bda44f54d.jpeg","articleSection":["Mobilitat"],"inLanguage":"es-ES","potentialAction":[{"@type":"CommentAction","name":"Comment","target":["https:\/\/transparencia.gramepark.cat\/nou-sistema-control-daccessos-quatre-aparcaments-ciutat\/#respond"]}]},{"@type":"WebPage","@id":"https:\/\/transparencia.gramepark.cat\/nou-sistema-control-daccessos-quatre-aparcaments-ciutat\/","url":"https:\/\/transparencia.gramepark.cat\/nou-sistema-control-daccessos-quatre-aparcaments-ciutat\/","name":"Nou sistema de control d\u2019accessos en quatre aparcaments de la ciutat - Gramepark","isPartOf":{"@id":"https:\/\/transparencia.gramepark.cat\/#website"},"primaryImageOfPage":{"@id":"https:\/\/transparencia.gramepark.cat\/nou-sistema-control-daccessos-quatre-aparcaments-ciutat\/#primaryimage"},"image":{"@id":"https:\/\/transparencia.gramepark.cat\/nou-sistema-control-daccessos-quatre-aparcaments-ciutat\/#primaryimage"},"thumbnailUrl":"https:\/\/transparencia.gramepark.cat\/wp-content\/uploads\/2023\/06\/csm_Aparcament_Mercat_7bda44f54d.jpeg","datePublished":"2023-06-27T10:18:41+00:00","dateModified":"2023-06-30T10:51:09+00:00","description":"Nou sistema de control d\u2019accessos en quatre aparcaments de la ciutat - Gramepark","breadcrumb":{"@id":"https:\/\/transparencia.gramepark.cat\/nou-sistema-control-daccessos-quatre-aparcaments-ciutat\/#breadcrumb"},"inLanguage":"es-ES","potentialAction":[{"@type":"ReadAction","target":["https:\/\/transparencia.gramepark.cat\/nou-sistema-control-daccessos-quatre-aparcaments-ciutat\/"]}]},{"@type":"ImageObject","inLanguage":"es-ES","@id":"https:\/\/transparencia.gramepark.cat\/nou-sistema-control-daccessos-quatre-aparcaments-ciutat\/#primaryimage","url":"https:\/\/transparencia.gramepark.cat\/wp-content\/uploads\/2023\/06\/csm_Aparcament_Mercat_7bda44f54d.jpeg","contentUrl":"https:\/\/transparencia.gramepark.cat\/wp-content\/uploads\/2023\/06\/csm_Aparcament_Mercat_7bda44f54d.jpeg","width":1166,"height":656},{"@type":"BreadcrumbList","@id":"https:\/\/transparencia.gramepark.cat\/nou-sistema-control-daccessos-quatre-aparcaments-ciutat\/#breadcrumb","itemListElement":[{"@type":"ListItem","position":1,"name":"Home","item":"https:\/\/transparencia.gramepark.cat\/"},{"@type":"ListItem","position":2,"name":"Nou sistema de control d\u2019accessos en quatre aparcaments de la ciutat"}]},{"@type":"WebSite","@id":"https:\/\/transparencia.gramepark.cat\/#website","url":"https:\/\/transparencia.gramepark.cat\/","name":"Portal de Transpar\u00e8ncia | Gramepark","description":"","publisher":{"@id":"https:\/\/transparencia.gramepark.cat\/#organization"},"potentialAction":[{"@type":"SearchAction","target":{"@type":"EntryPoint","urlTemplate":"https:\/\/transparencia.gramepark.cat\/?s={search_term_string}"},"query-input":{"@type":"PropertyValueSpecification","valueRequired":true,"valueName":"search_term_string"}}],"inLanguage":"es-ES"},{"@type":"Organization","@id":"https:\/\/transparencia.gramepark.cat\/#organization","name":"Portal de Transpar\u00e8ncia | Gramepark","url":"https:\/\/transparencia.gramepark.cat\/","logo":{"@type":"ImageObject","inLanguage":"es-ES","@id":"https:\/\/transparencia.gramepark.cat\/#\/schema\/logo\/image\/","url":"https:\/\/transparencia.gramepark.cat\/wp-content\/uploads\/2023\/07\/Captura-de-pantalla-2022-11-22-a-las-16.40.png","contentUrl":"https:\/\/transparencia.gramepark.cat\/wp-content\/uploads\/2023\/07\/Captura-de-pantalla-2022-11-22-a-las-16.40.png","width":199,"height":50,"caption":"Portal de Transpar\u00e8ncia | Gramepark"},"image":{"@id":"https:\/\/transparencia.gramepark.cat\/#\/schema\/logo\/image\/"}},{"@type":"Person","@id":"https:\/\/transparencia.gramepark.cat\/#\/schema\/person\/2984b2c0c8f24281cbd05657cef0f213","name":"omada","image":{"@type":"ImageObject","inLanguage":"es-ES","@id":"https:\/\/transparencia.gramepark.cat\/#\/schema\/person\/image\/","url":"https:\/\/secure.gravatar.com\/avatar\/2b246680cf08c4e4da82a937a79a21108a4eaaeac8951781452a79adbd7d70bc?s=96&d=mm&r=g","contentUrl":"https:\/\/secure.gravatar.com\/avatar\/2b246680cf08c4e4da82a937a79a21108a4eaaeac8951781452a79adbd7d70bc?s=96&d=mm&r=g","caption":"omada"},"sameAs":["https:\/\/transparencia.gramepark.cat"]}]}},"_links":{"self":[{"href":"https:\/\/transparencia.gramepark.cat\/es\/wp-json\/wp\/v2\/posts\/1373","targetHints":{"allow":["GET"]}}],"collection":[{"href":"https:\/\/transparencia.gramepark.cat\/es\/wp-json\/wp\/v2\/posts"}],"about":[{"href":"https:\/\/transparencia.gramepark.cat\/es\/wp-json\/wp\/v2\/types\/post"}],"author":[{"embeddable":true,"href":"https:\/\/transparencia.gramepark.cat\/es\/wp-json\/wp\/v2\/users\/1"}],"replies":[{"embeddable":true,"href":"https:\/\/transparencia.gramepark.cat\/es\/wp-json\/wp\/v2\/comments?post=1373"}],"version-history":[{"count":3,"href":"https:\/\/transparencia.gramepark.cat\/es\/wp-json\/wp\/v2\/posts\/1373\/revisions"}],"predecessor-version":[{"id":1422,"href":"https:\/\/transparencia.gramepark.cat\/es\/wp-json\/wp\/v2\/posts\/1373\/revisions\/1422"}],"wp:featuredmedia":[{"embeddable":true,"href":"https:\/\/transparencia.gramepark.cat\/es\/wp-json\/wp\/v2\/media\/1374"}],"wp:attachment":[{"href":"https:\/\/transparencia.gramepark.cat\/es\/wp-json\/wp\/v2\/media?parent=1373"}],"wp:term":[{"taxonomy":"category","embeddable":true,"href":"https:\/\/transparencia.gramepark.cat\/es\/wp-json\/wp\/v2\/categories?post=1373"},{"taxonomy":"post_tag","embeddable":true,"href":"https:\/\/transparencia.gramepark.cat\/es\/wp-json\/wp\/v2\/tags?post=1373"}],"curies":[{"name":"wp","href":"https:\/\/api.w.org\/{rel}","templated":true}]}}